{"id":12536,"date":"2026-04-28T12:30:18","date_gmt":"2026-04-28T11:30:18","guid":{"rendered":"http:\/\/www.colegioluissolana.com\/?p=12536"},"modified":"2026-04-28T12:30:18","modified_gmt":"2026-04-28T11:30:18","slug":"fiestas","status":"publish","type":"post","link":"https:\/\/www.colegioluissolana.com\/?p=12536","title":{"rendered":"FIESTAS"},"content":{"rendered":"<h2 style=\"text-align: center;\"><span style=\"color: #0000ff;\"><strong>\u00a0FIESTA DE SAN MARCOS<\/strong><\/span><\/h2>\n<p>Los alumnos de infantil, junto con los profesores y los padres de este ciclo, han ido realizando diversas actividades, dando forma al <span style=\"color: #0000ff;\"><strong>PROYECTO DE LOS DANZANTES.\u00a0<\/strong><\/span><\/p>\n<p>Durante algunas jornadas lectivas y con la colaboraci\u00f3n de los padres y alg\u00fan abuelo, han elaborado Bercianitas, han creado mandiles t\u00edpicos, han decorado los pasillos de algunos edificios, incluso han realizado el baile del cord\u00f3n en los recreos&#8230;<\/p>\n<p>El claustro de profesores agradecemos vuestra colaboraci\u00f3n e implicaci\u00f3n con el proyecto y esperamos que hay\u00e1is disfrutado de las fiestas, y que sig\u00e1is celebrando esta festividad\u00a0como parte valiosa del patrimonio cultural de nuestra provincia.<\/p>\n<p><img loading=\"lazy\" class=\" wp-image-12537 aligncenter\" src=\"http:\/\/www.colegioluissolana.com\/wp-content\/uploads\/2026\/04\/buena-danzantes-300x274.jpg\" alt=\"\" width=\"420\" height=\"384\" srcset=\"https:\/\/www.colegioluissolana.com\/wp-content\/uploads\/2026\/04\/buena-danzantes-300x274.jpg 300w, https:\/\/www.colegioluissolana.com\/wp-content\/uploads\/2026\/04\/buena-danzantes-1024x936.jpg 1024w, https:\/\/www.colegioluissolana.com\/wp-content\/uploads\/2026\/04\/buena-danzantes-768x702.jpg 768w, https:\/\/www.colegioluissolana.com\/wp-content\/uploads\/2026\/04\/buena-danzantes-1536x1404.jpg 1536w, https:\/\/www.colegioluissolana.com\/wp-content\/uploads\/2026\/04\/buena-danzantes.jpg 1681w\" sizes=\"(max-width: 420px) 100vw, 420px\" \/><\/p>\n","protected":false},"excerpt":{"rendered":"<p>\u00a0FIESTA DE SAN MARCOS Los alumnos de infantil, junto con los profesores y los padres de este ciclo, han ido realizando diversas actividades, dando forma al PROYECTO DE LOS DANZANTES.\u00a0 Durante algunas jornadas lectivas y con la colaboraci\u00f3n de los &hellip; <a href=\"https:\/\/www.colegioluissolana.com\/?p=12536\">Sigue leyendo <span class=\"meta-nav\">&rarr;<\/span><\/a><\/p>\n","protected":false},"author":23,"featured_media":0,"comment_status":"closed","ping_status":"open","sticky":false,"template":"","format":"standard","meta":[],"categories":[1],"tags":[],"_links":{"self":[{"href":"https:\/\/www.colegioluissolana.com\/index.php?rest_route=\/wp\/v2\/posts\/12536"}],"collection":[{"href":"https:\/\/www.colegioluissolana.com\/index.php?rest_route=\/wp\/v2\/posts"}],"about":[{"href":"https:\/\/www.colegioluissolana.com\/index.php?rest_route=\/wp\/v2\/types\/post"}],"author":[{"embeddable":true,"href":"https:\/\/www.colegioluissolana.com\/index.php?rest_route=\/wp\/v2\/users\/23"}],"replies":[{"embeddable":true,"href":"https:\/\/www.colegioluissolana.com\/index.php?rest_route=%2Fwp%2Fv2%2Fcomments&post=12536"}],"version-history":[{"count":5,"href":"https:\/\/www.colegioluissolana.com\/index.php?rest_route=\/wp\/v2\/posts\/12536\/revisions"}],"predecessor-version":[{"id":12550,"href":"https:\/\/www.colegioluissolana.com\/index.php?rest_route=\/wp\/v2\/posts\/12536\/revisions\/12550"}],"wp:attachment":[{"href":"https:\/\/www.colegioluissolana.com\/index.php?rest_route=%2Fwp%2Fv2%2Fmedia&parent=12536"}],"wp:term":[{"taxonomy":"category","embeddable":true,"href":"https:\/\/www.colegioluissolana.com\/index.php?rest_route=%2Fwp%2Fv2%2Fcategories&post=12536"},{"taxonomy":"post_tag","embeddable":true,"href":"https:\/\/www.colegioluissolana.com\/index.php?rest_route=%2Fwp%2Fv2%2Ftags&post=12536"}],"curies":[{"name":"wp","href":"https:\/\/api.w.org\/{rel}","templated":true}]}}