{"id":12762,"date":"2026-09-03T12:47:32","date_gmt":"2026-09-03T11:47:32","guid":{"rendered":"http:\/\/www.colegioluissolana.com\/?p=12762"},"modified":"2026-09-03T12:47:32","modified_gmt":"2026-09-03T11:47:32","slug":"bienvenidos-al-curso-26-27","status":"publish","type":"post","link":"https:\/\/www.colegioluissolana.com\/?p=12762","title":{"rendered":"\u00a1BIENVENIDOS AL CURSO 26-27!"},"content":{"rendered":"<h2><img loading=\"lazy\" class=\"aligncenter wp-image-12779\" src=\"http:\/\/www.colegioluissolana.com\/wp-content\/uploads\/2026\/07\/Imagne-bienvenida-colegio.png\" alt=\"\" width=\"532\" height=\"353\" srcset=\"https:\/\/www.colegioluissolana.com\/wp-content\/uploads\/2026\/07\/Imagne-bienvenida-colegio.png 1533w, https:\/\/www.colegioluissolana.com\/wp-content\/uploads\/2026\/07\/Imagne-bienvenida-colegio-300x199.png 300w, https:\/\/www.colegioluissolana.com\/wp-content\/uploads\/2026\/07\/Imagne-bienvenida-colegio-1024x679.png 1024w, https:\/\/www.colegioluissolana.com\/wp-content\/uploads\/2026\/07\/Imagne-bienvenida-colegio-768x509.png 768w\" sizes=\"(max-width: 532px) 100vw, 532px\" \/><\/h2>\n<h1 style=\"text-align: center;\"><strong>\u00a1Comienza una nueva aventura en el CEIP Luis Solana!<\/strong><\/h1>\n<p>El mi\u00e9rcoles <strong><span style=\"color: #000000;\">9\u00a0de septiembre<\/span><\/strong> abrimos las puertas del colegio para recibir con ilusi\u00f3n a todos los alumnos desde <strong>4 a\u00f1os de Infantil hasta 6\u00ba de Primaria<\/strong>.<\/p>\n<p>\u00a1Empieza un curso lleno de descubrimientos, amistad y aprendizaje!<\/p>\n<h3><strong><span style=\"color: #339966;\">&#8211; HORARIOS DEL CURSO<\/span><\/strong><\/h3>\n<div>\n<div>\n<div tabindex=\"0\" role=\"group\" aria-label=\"Tabla con desplazamiento\">\n<table>\n<thead>\n<tr>\n<th scope=\"col\">Periodo<\/th>\n<th scope=\"col\">Horario lectivo<\/th>\n<th scope=\"col\">Aula matinal<\/th>\n<th scope=\"col\">Comedor escolar<\/th>\n<\/tr>\n<\/thead>\n<tbody>\n<tr>\n<th scope=\"row\"><strong>Septiembre y junio<\/strong><\/th>\n<td>9:00\u202f\u2013\u202f13:00<\/td>\n<td>7:30\u202f\u2013\u202f9:00<\/td>\n<td>13:00\u202f\u2013\u202f15:00<\/td>\n<\/tr>\n<tr>\n<th scope=\"row\"><strong>Octubre a mayo<\/strong><\/th>\n<td>9:00\u202f\u2013\u202f14:00<\/td>\n<td>7:30\u202f\u2013\u202f9:00<\/td>\n<td>14:00\u202f\u2013\u202f16:00<\/td>\n<\/tr>\n<\/tbody>\n<\/table>\n<\/div>\n<\/div>\n<\/div>\n<hr \/>\n<h3><strong><span style=\"color: #339966;\">&#8211; COMEDOR<\/span><\/strong><\/h3>\n<p><strong>HORARIO DEL COMEDOR<\/strong><\/p>\n<p>Se podr\u00e1 hacer uso del servicio del comedor, desde\u00a0<strong>el martes 9 septiembre <\/strong>(siempre que se haya solicitado en secretar\u00eda) y la organizaci\u00f3n ser\u00e1 por turnos.<\/p>\n<ul>\n<li><strong>PRIMER TURNO<\/strong><\/li>\n<\/ul>\n<p>13 h. a 13:45 h. aprox (septiembre y junio)<\/p>\n<p>14 h. a 14:45 h. aprox. (octubre a mayo)<\/p>\n<ul>\n<li><strong>SEGUNDO TURNO<\/strong><\/li>\n<\/ul>\n<p>(13:45 h. a 15:00 h. aprox) (septiembre y junio)<\/p>\n<p>(14:45 h. a 16:00 h. aprox.) (octubre a mayo)<\/p>\n<hr \/>\n<h3><strong><span style=\"color: #339966;\">-PRIMER D\u00cdA<\/span><\/strong><\/h3>\n<p>Los profesores estar\u00e1n esper\u00e1ndote en la puerta para darte la bienvenida y guiarte hasta tu aula. No ser\u00e1 necesario que te acompa\u00f1e ning\u00fan familiar.<\/p>\n<p>Por si acaso, este es el plano del colegio.<\/p>\n<p style=\"text-align: center;\"><a href=\"http:\/\/www.colegioluissolana.com\/wp-content\/uploads\/2026\/09\/PLANO-DEL-COLEGIO_26-27.pdf\">PLANO DEL COLEGIO_26-27<\/a><\/p>\n<h3><strong><span style=\"color: #339966;\">&#8211; MATERIALES<\/span><\/strong><\/h3>\n<p>El primer d\u00eda solo necesitas traer <strong>ilusi\u00f3n y muchas ganas de contar tus aventuras del verano<\/strong>. Despu\u00e9s, podr\u00e1s consultar los <strong>materiales de uso individual<\/strong> en la web del centro.<\/p>\n<p style=\"text-align: center;\"><a href=\"http:\/\/www.colegioluissolana.com\/?page_id=93\" target=\"_blank\" rel=\"noopener\">MATERIALES<\/a><\/p>\n<p>\ud83c\udf89 <strong>Todos los profes del CEIP Luis Solana os damos la bienvenida al cole.<\/strong><\/p>\n<div><\/div>\n","protected":false},"excerpt":{"rendered":"<p>\u00a1Comienza una nueva aventura en el CEIP Luis Solana! El mi\u00e9rcoles 9\u00a0de septiembre abrimos las puertas del colegio para recibir con ilusi\u00f3n a todos los alumnos desde 4 a\u00f1os de Infantil hasta 6\u00ba de Primaria. \u00a1Empieza un curso lleno de &hellip; <a href=\"https:\/\/www.colegioluissolana.com\/?p=12762\">Sigue leyendo <span class=\"meta-nav\">&rarr;<\/span><\/a><\/p>\n","protected":false},"author":18,"featured_media":0,"comment_status":"closed","ping_status":"open","sticky":false,"template":"","format":"standard","meta":[],"categories":[1],"tags":[],"_links":{"self":[{"href":"https:\/\/www.colegioluissolana.com\/index.php?rest_route=\/wp\/v2\/posts\/12762"}],"collection":[{"href":"https:\/\/www.colegioluissolana.com\/index.php?rest_route=\/wp\/v2\/posts"}],"about":[{"href":"https:\/\/www.colegioluissolana.com\/index.php?rest_route=\/wp\/v2\/types\/post"}],"author":[{"embeddable":true,"href":"https:\/\/www.colegioluissolana.com\/index.php?rest_route=\/wp\/v2\/users\/18"}],"replies":[{"embeddable":true,"href":"https:\/\/www.colegioluissolana.com\/index.php?rest_route=%2Fwp%2Fv2%2Fcomments&post=12762"}],"version-history":[{"count":9,"href":"https:\/\/www.colegioluissolana.com\/index.php?rest_route=\/wp\/v2\/posts\/12762\/revisions"}],"predecessor-version":[{"id":12804,"href":"https:\/\/www.colegioluissolana.com\/index.php?rest_route=\/wp\/v2\/posts\/12762\/revisions\/12804"}],"wp:attachment":[{"href":"https:\/\/www.colegioluissolana.com\/index.php?rest_route=%2Fwp%2Fv2%2Fmedia&parent=12762"}],"wp:term":[{"taxonomy":"category","embeddable":true,"href":"https:\/\/www.colegioluissolana.com\/index.php?rest_route=%2Fwp%2Fv2%2Fcategories&post=12762"},{"taxonomy":"post_tag","embeddable":true,"href":"https:\/\/www.colegioluissolana.com\/index.php?rest_route=%2Fwp%2Fv2%2Ftags&post=12762"}],"curies":[{"name":"wp","href":"https:\/\/api.w.org\/{rel}","templated":true}]}}