{"id":12790,"date":"2026-09-01T12:45:37","date_gmt":"2026-09-01T11:45:37","guid":{"rendered":"http:\/\/www.colegioluissolana.com\/?p=12790"},"modified":"2026-09-01T21:39:09","modified_gmt":"2026-09-01T20:39:09","slug":"reunion-familias-de-tres-anos-curso-26-27","status":"publish","type":"post","link":"https:\/\/www.colegioluissolana.com\/?p=12790","title":{"rendered":"REUNI\u00d3N FAMILIAS DE TRES A\u00d1OS, CURSO 26-27"},"content":{"rendered":"<p>&nbsp;<\/p>\n<p><img loading=\"lazy\" class=\" wp-image-12795 alignleft\" src=\"http:\/\/www.colegioluissolana.com\/wp-content\/uploads\/2026\/08\/IMAGEN.jpg\" alt=\"\" width=\"228\" height=\"291\" srcset=\"https:\/\/www.colegioluissolana.com\/wp-content\/uploads\/2026\/08\/IMAGEN.jpg 284w, https:\/\/www.colegioluissolana.com\/wp-content\/uploads\/2026\/08\/IMAGEN-235x300.jpg 235w\" sizes=\"(max-width: 228px) 100vw, 228px\" \/><\/p>\n<p>El pr\u00f3ximo\u00a0<strong>viernes, 4 de septiembre a las 09:30h,<\/strong> en el aula de I3A (edificio de Oto\u00f1o, pasillo de secretar\u00eda) habr\u00e1 una reuni\u00f3n en la que se tratar\u00e1 el periodo de adaptaci\u00f3n del alumnado de 3 a\u00f1os.<\/p>\n<p style=\"text-align: center;\">\u00a1Os esperamos!<\/p>\n<p><a href=\"https:\/\/drive.google.com\/file\/d\/1YGw9t-vxf6Um1ShoAYpSAmoIXf9xw1Nz\/view?usp=sharing\" target=\"_blank\" rel=\"noopener\">PROGRAMACI\u00d3N PERIODO DE ADAPTACI\u00d3N CURSO 26\/27<\/a><\/p>\n","protected":false},"excerpt":{"rendered":"<p>&nbsp; El pr\u00f3ximo\u00a0viernes, 4 de septiembre a las 09:30h, en el aula de I3A (edificio de Oto\u00f1o, pasillo de secretar\u00eda) habr\u00e1 una reuni\u00f3n en la que se tratar\u00e1 el periodo de adaptaci\u00f3n del alumnado de 3 a\u00f1os. \u00a1Os esperamos! PROGRAMACI\u00d3N &hellip; <a href=\"https:\/\/www.colegioluissolana.com\/?p=12790\">Sigue leyendo <span class=\"meta-nav\">&rarr;<\/span><\/a><\/p>\n","protected":false},"author":18,"featured_media":0,"comment_status":"closed","ping_status":"open","sticky":false,"template":"","format":"standard","meta":[],"categories":[1],"tags":[],"_links":{"self":[{"href":"https:\/\/www.colegioluissolana.com\/index.php?rest_route=\/wp\/v2\/posts\/12790"}],"collection":[{"href":"https:\/\/www.colegioluissolana.com\/index.php?rest_route=\/wp\/v2\/posts"}],"about":[{"href":"https:\/\/www.colegioluissolana.com\/index.php?rest_route=\/wp\/v2\/types\/post"}],"author":[{"embeddable":true,"href":"https:\/\/www.colegioluissolana.com\/index.php?rest_route=\/wp\/v2\/users\/18"}],"replies":[{"embeddable":true,"href":"https:\/\/www.colegioluissolana.com\/index.php?rest_route=%2Fwp%2Fv2%2Fcomments&post=12790"}],"version-history":[{"count":4,"href":"https:\/\/www.colegioluissolana.com\/index.php?rest_route=\/wp\/v2\/posts\/12790\/revisions"}],"predecessor-version":[{"id":12801,"href":"https:\/\/www.colegioluissolana.com\/index.php?rest_route=\/wp\/v2\/posts\/12790\/revisions\/12801"}],"wp:attachment":[{"href":"https:\/\/www.colegioluissolana.com\/index.php?rest_route=%2Fwp%2Fv2%2Fmedia&parent=12790"}],"wp:term":[{"taxonomy":"category","embeddable":true,"href":"https:\/\/www.colegioluissolana.com\/index.php?rest_route=%2Fwp%2Fv2%2Fcategories&post=12790"},{"taxonomy":"post_tag","embeddable":true,"href":"https:\/\/www.colegioluissolana.com\/index.php?rest_route=%2Fwp%2Fv2%2Ftags&post=12790"}],"curies":[{"name":"wp","href":"https:\/\/api.w.org\/{rel}","templated":true}]}}